 {"id":21066,"date":"2024-12-16T22:13:49","date_gmt":"2024-12-16T21:13:49","guid":{"rendered":"https:\/\/education.dhis2.org\/falar-de-dados-sobre-educacao-na-trienal-da-adea-2022\/"},"modified":"2024-12-16T22:13:49","modified_gmt":"2024-12-16T21:13:49","slug":"adea-triennale-2022","status":"publish","type":"post","link":"https:\/\/education.dhis2.org\/pt-pt\/adea-triennale-2022\/","title":{"rendered":"Falar de dados sobre educa\u00e7\u00e3o na Trienal da ADEA 2022"},"content":{"rendered":"","protected":false},"excerpt":{"rendered":"<p class=\"lead\">De 19 a 21 de outubro, o DHIS2 para a Educa\u00e7\u00e3o participou na Trienal da ADEA sobre Educa\u00e7\u00e3o e Forma\u00e7\u00e3o, um dos principais f\u00f3runs de alto n\u00edvel de \u00c1frica para o di\u00e1logo pol\u00edtico e o interc\u00e2mbio de conhecimentos.<\/p>\n","protected":false},"author":18,"featured_media":20146,"comment_status":"closed","ping_status":"closed","sticky":false,"template":"","format":"standard","meta":{"_acf_changed":false,"inline_featured_image":false,"footnotes":""},"categories":[41],"tags":[],"news-cat":[130],"news-topic":[152,160,155,154,153],"news-country":[129,138,140],"news-year":[157],"class_list":["post-21066","post","type-post","status-publish","format-standard","has-post-thumbnail","hentry","category-sem-categoria","news-cat-news","news-topic-conference","news-topic-data-use","news-topic-hisp","news-topic-partnership","news-topic-software","news-country-eswatini","news-country-the-gambia","news-country-uganda","news-year-157"],"acf":[],"yoast_head":"<!-- This site is optimized with the Yoast SEO plugin v27.4 - https:\/\/yoast.com\/product\/yoast-seo-wordpress\/ -->\n<title>Falar de dados sobre educa\u00e7\u00e3o na Trienal da ADEA 2022 - DHIS2<\/title>\n<meta name=\"description\" content=\"De 19 a 21 de outubro, o DHIS2 para a Educa\u00e7\u00e3o participou na Trienal da ADEA sobre Educa\u00e7\u00e3o e Forma\u00e7\u00e3o, um dos principais f\u00f3runs de alto n\u00edvel de \u00c1frica para o di\u00e1logo pol\u00edtico e o interc\u00e2mbio de conhecimentos.\" \/>\n<meta name=\"robots\" content=\"index, follow, max-snippet:-1, max-image-preview:large, max-video-preview:-1\" \/>\n<link rel=\"canonical\" href=\"https:\/\/education.dhis2.org\/pt-pt\/adea-triennale-2022\/\" \/>\n<meta property=\"og:locale\" content=\"pt_PT\" \/>\n<meta property=\"og:type\" content=\"article\" \/>\n<meta property=\"og:title\" content=\"Falar de dados sobre educa\u00e7\u00e3o na Trienal da ADEA 2022 - DHIS2\" \/>\n<meta property=\"og:description\" content=\"De 19 a 21 de outubro, o DHIS2 para a Educa\u00e7\u00e3o participou na Trienal da ADEA sobre Educa\u00e7\u00e3o e Forma\u00e7\u00e3o, um dos principais f\u00f3runs de alto n\u00edvel de \u00c1frica para o di\u00e1logo pol\u00edtico e o interc\u00e2mbio de conhecimentos.\" \/>\n<meta property=\"og:url\" content=\"https:\/\/education.dhis2.org\/pt-pt\/adea-triennale-2022\/\" \/>\n<meta property=\"og:site_name\" content=\"DHIS2\" \/>\n<meta property=\"article:published_time\" content=\"2024-12-16T21:13:49+00:00\" \/>\n<meta property=\"og:image\" content=\"https:\/\/education.dhis2.org\/wp-content\/uploads\/IMG_7888-scaled-1-scaled.jpg\" \/>\n\t<meta property=\"og:image:width\" content=\"2048\" \/>\n\t<meta property=\"og:image:height\" content=\"1536\" \/>\n\t<meta property=\"og:image:type\" content=\"image\/jpeg\" \/>\n<meta name=\"author\" content=\"Ellen Summey\" \/>\n<meta name=\"twitter:card\" content=\"summary_large_image\" \/>\n<meta name=\"twitter:label1\" content=\"Escrito por\" \/>\n\t<meta name=\"twitter:data1\" content=\"Ellen Summey\" \/>\n<script type=\"application\/ld+json\" class=\"yoast-schema-graph\">{\"@context\":\"https:\\\/\\\/schema.org\",\"@graph\":[{\"@type\":\"Article\",\"@id\":\"https:\\\/\\\/education.dhis2.org\\\/pt-pt\\\/adea-triennale-2022\\\/#article\",\"isPartOf\":{\"@id\":\"https:\\\/\\\/education.dhis2.org\\\/pt-pt\\\/adea-triennale-2022\\\/\"},\"author\":{\"name\":\"Ellen Summey\",\"@id\":\"https:\\\/\\\/education.dhis2.org\\\/pt-pt\\\/#\\\/schema\\\/person\\\/c1a679aef176504b78a2a4ea215d3f2e\"},\"headline\":\"Falar de dados sobre educa\u00e7\u00e3o na Trienal da ADEA 2022\",\"datePublished\":\"2024-12-16T21:13:49+00:00\",\"mainEntityOfPage\":{\"@id\":\"https:\\\/\\\/education.dhis2.org\\\/pt-pt\\\/adea-triennale-2022\\\/\"},\"wordCount\":10,\"publisher\":{\"@id\":\"https:\\\/\\\/education.dhis2.org\\\/pt-pt\\\/#organization\"},\"image\":{\"@id\":\"https:\\\/\\\/education.dhis2.org\\\/pt-pt\\\/adea-triennale-2022\\\/#primaryimage\"},\"thumbnailUrl\":\"https:\\\/\\\/education.dhis2.org\\\/wp-content\\\/uploads\\\/IMG_7888-scaled-1-scaled.jpg\",\"inLanguage\":\"pt-PT\"},{\"@type\":\"WebPage\",\"@id\":\"https:\\\/\\\/education.dhis2.org\\\/pt-pt\\\/adea-triennale-2022\\\/\",\"url\":\"https:\\\/\\\/education.dhis2.org\\\/pt-pt\\\/adea-triennale-2022\\\/\",\"name\":\"Falar de dados sobre educa\u00e7\u00e3o na Trienal da ADEA 2022 - DHIS2\",\"isPartOf\":{\"@id\":\"https:\\\/\\\/education.dhis2.org\\\/pt-pt\\\/#website\"},\"primaryImageOfPage\":{\"@id\":\"https:\\\/\\\/education.dhis2.org\\\/pt-pt\\\/adea-triennale-2022\\\/#primaryimage\"},\"image\":{\"@id\":\"https:\\\/\\\/education.dhis2.org\\\/pt-pt\\\/adea-triennale-2022\\\/#primaryimage\"},\"thumbnailUrl\":\"https:\\\/\\\/education.dhis2.org\\\/wp-content\\\/uploads\\\/IMG_7888-scaled-1-scaled.jpg\",\"datePublished\":\"2024-12-16T21:13:49+00:00\",\"description\":\"De 19 a 21 de outubro, o DHIS2 para a Educa\u00e7\u00e3o participou na Trienal da ADEA sobre Educa\u00e7\u00e3o e Forma\u00e7\u00e3o, um dos principais f\u00f3runs de alto n\u00edvel de \u00c1frica para o di\u00e1logo pol\u00edtico e o interc\u00e2mbio de conhecimentos.\",\"breadcrumb\":{\"@id\":\"https:\\\/\\\/education.dhis2.org\\\/pt-pt\\\/adea-triennale-2022\\\/#breadcrumb\"},\"inLanguage\":\"pt-PT\",\"potentialAction\":[{\"@type\":\"ReadAction\",\"target\":[\"https:\\\/\\\/education.dhis2.org\\\/pt-pt\\\/adea-triennale-2022\\\/\"]}]},{\"@type\":\"ImageObject\",\"inLanguage\":\"pt-PT\",\"@id\":\"https:\\\/\\\/education.dhis2.org\\\/pt-pt\\\/adea-triennale-2022\\\/#primaryimage\",\"url\":\"https:\\\/\\\/education.dhis2.org\\\/wp-content\\\/uploads\\\/IMG_7888-scaled-1-scaled.jpg\",\"contentUrl\":\"https:\\\/\\\/education.dhis2.org\\\/wp-content\\\/uploads\\\/IMG_7888-scaled-1-scaled.jpg\",\"width\":2048,\"height\":1536},{\"@type\":\"BreadcrumbList\",\"@id\":\"https:\\\/\\\/education.dhis2.org\\\/pt-pt\\\/adea-triennale-2022\\\/#breadcrumb\",\"itemListElement\":[{\"@type\":\"ListItem\",\"position\":1,\"name\":\"Hjem\",\"item\":\"https:\\\/\\\/education.dhis2.org\\\/pt-pt\\\/\"},{\"@type\":\"ListItem\",\"position\":2,\"name\":\"Falar de dados sobre educa\u00e7\u00e3o na Trienal da ADEA 2022\"}]},{\"@type\":\"WebSite\",\"@id\":\"https:\\\/\\\/education.dhis2.org\\\/pt-pt\\\/#website\",\"url\":\"https:\\\/\\\/education.dhis2.org\\\/pt-pt\\\/\",\"name\":\"DHIS2\",\"description\":\"\",\"publisher\":{\"@id\":\"https:\\\/\\\/education.dhis2.org\\\/pt-pt\\\/#organization\"},\"potentialAction\":[{\"@type\":\"SearchAction\",\"target\":{\"@type\":\"EntryPoint\",\"urlTemplate\":\"https:\\\/\\\/education.dhis2.org\\\/pt-pt\\\/?s={search_term_string}\"},\"query-input\":{\"@type\":\"PropertyValueSpecification\",\"valueRequired\":true,\"valueName\":\"search_term_string\"}}],\"inLanguage\":\"pt-PT\"},{\"@type\":\"Organization\",\"@id\":\"https:\\\/\\\/education.dhis2.org\\\/pt-pt\\\/#organization\",\"name\":\"DHIS2\",\"url\":\"https:\\\/\\\/education.dhis2.org\\\/pt-pt\\\/\",\"logo\":{\"@type\":\"ImageObject\",\"inLanguage\":\"pt-PT\",\"@id\":\"https:\\\/\\\/education.dhis2.org\\\/pt-pt\\\/#\\\/schema\\\/logo\\\/image\\\/\",\"url\":\"https:\\\/\\\/education.dhis2.org\\\/wp-content\\\/uploads\\\/logo.svg\",\"contentUrl\":\"https:\\\/\\\/education.dhis2.org\\\/wp-content\\\/uploads\\\/logo.svg\",\"caption\":\"DHIS2\"},\"image\":{\"@id\":\"https:\\\/\\\/education.dhis2.org\\\/pt-pt\\\/#\\\/schema\\\/logo\\\/image\\\/\"}},{\"@type\":\"Person\",\"@id\":\"https:\\\/\\\/education.dhis2.org\\\/pt-pt\\\/#\\\/schema\\\/person\\\/c1a679aef176504b78a2a4ea215d3f2e\",\"name\":\"Ellen Summey\",\"image\":{\"@type\":\"ImageObject\",\"inLanguage\":\"pt-PT\",\"@id\":\"https:\\\/\\\/secure.gravatar.com\\\/avatar\\\/074d8a7344d382c55c5c0296b1fb70cc4138134a94dcfc7f759350dee0f79ec3?s=96&d=mm&r=g\",\"url\":\"https:\\\/\\\/secure.gravatar.com\\\/avatar\\\/074d8a7344d382c55c5c0296b1fb70cc4138134a94dcfc7f759350dee0f79ec3?s=96&d=mm&r=g\",\"contentUrl\":\"https:\\\/\\\/secure.gravatar.com\\\/avatar\\\/074d8a7344d382c55c5c0296b1fb70cc4138134a94dcfc7f759350dee0f79ec3?s=96&d=mm&r=g\",\"caption\":\"Ellen Summey\"}}]}<\/script>\n<!-- \/ Yoast SEO plugin. -->","yoast_head_json":{"title":"Falar de dados sobre educa\u00e7\u00e3o na Trienal da ADEA 2022 - DHIS2","description":"De 19 a 21 de outubro, o DHIS2 para a Educa\u00e7\u00e3o participou na Trienal da ADEA sobre Educa\u00e7\u00e3o e Forma\u00e7\u00e3o, um dos principais f\u00f3runs de alto n\u00edvel de \u00c1frica para o di\u00e1logo pol\u00edtico e o interc\u00e2mbio de conhecimentos.","robots":{"index":"index","follow":"follow","max-snippet":"max-snippet:-1","max-image-preview":"max-image-preview:large","max-video-preview":"max-video-preview:-1"},"canonical":"https:\/\/education.dhis2.org\/pt-pt\/adea-triennale-2022\/","og_locale":"pt_PT","og_type":"article","og_title":"Falar de dados sobre educa\u00e7\u00e3o na Trienal da ADEA 2022 - DHIS2","og_description":"De 19 a 21 de outubro, o DHIS2 para a Educa\u00e7\u00e3o participou na Trienal da ADEA sobre Educa\u00e7\u00e3o e Forma\u00e7\u00e3o, um dos principais f\u00f3runs de alto n\u00edvel de \u00c1frica para o di\u00e1logo pol\u00edtico e o interc\u00e2mbio de conhecimentos.","og_url":"https:\/\/education.dhis2.org\/pt-pt\/adea-triennale-2022\/","og_site_name":"DHIS2","article_published_time":"2024-12-16T21:13:49+00:00","og_image":[{"width":2048,"height":1536,"url":"https:\/\/education.dhis2.org\/wp-content\/uploads\/IMG_7888-scaled-1-scaled.jpg","type":"image\/jpeg"}],"author":"Ellen Summey","twitter_card":"summary_large_image","twitter_misc":{"Escrito por":"Ellen Summey"},"schema":{"@context":"https:\/\/schema.org","@graph":[{"@type":"Article","@id":"https:\/\/education.dhis2.org\/pt-pt\/adea-triennale-2022\/#article","isPartOf":{"@id":"https:\/\/education.dhis2.org\/pt-pt\/adea-triennale-2022\/"},"author":{"name":"Ellen Summey","@id":"https:\/\/education.dhis2.org\/pt-pt\/#\/schema\/person\/c1a679aef176504b78a2a4ea215d3f2e"},"headline":"Falar de dados sobre educa\u00e7\u00e3o na Trienal da ADEA 2022","datePublished":"2024-12-16T21:13:49+00:00","mainEntityOfPage":{"@id":"https:\/\/education.dhis2.org\/pt-pt\/adea-triennale-2022\/"},"wordCount":10,"publisher":{"@id":"https:\/\/education.dhis2.org\/pt-pt\/#organization"},"image":{"@id":"https:\/\/education.dhis2.org\/pt-pt\/adea-triennale-2022\/#primaryimage"},"thumbnailUrl":"https:\/\/education.dhis2.org\/wp-content\/uploads\/IMG_7888-scaled-1-scaled.jpg","inLanguage":"pt-PT"},{"@type":"WebPage","@id":"https:\/\/education.dhis2.org\/pt-pt\/adea-triennale-2022\/","url":"https:\/\/education.dhis2.org\/pt-pt\/adea-triennale-2022\/","name":"Falar de dados sobre educa\u00e7\u00e3o na Trienal da ADEA 2022 - DHIS2","isPartOf":{"@id":"https:\/\/education.dhis2.org\/pt-pt\/#website"},"primaryImageOfPage":{"@id":"https:\/\/education.dhis2.org\/pt-pt\/adea-triennale-2022\/#primaryimage"},"image":{"@id":"https:\/\/education.dhis2.org\/pt-pt\/adea-triennale-2022\/#primaryimage"},"thumbnailUrl":"https:\/\/education.dhis2.org\/wp-content\/uploads\/IMG_7888-scaled-1-scaled.jpg","datePublished":"2024-12-16T21:13:49+00:00","description":"De 19 a 21 de outubro, o DHIS2 para a Educa\u00e7\u00e3o participou na Trienal da ADEA sobre Educa\u00e7\u00e3o e Forma\u00e7\u00e3o, um dos principais f\u00f3runs de alto n\u00edvel de \u00c1frica para o di\u00e1logo pol\u00edtico e o interc\u00e2mbio de conhecimentos.","breadcrumb":{"@id":"https:\/\/education.dhis2.org\/pt-pt\/adea-triennale-2022\/#breadcrumb"},"inLanguage":"pt-PT","potentialAction":[{"@type":"ReadAction","target":["https:\/\/education.dhis2.org\/pt-pt\/adea-triennale-2022\/"]}]},{"@type":"ImageObject","inLanguage":"pt-PT","@id":"https:\/\/education.dhis2.org\/pt-pt\/adea-triennale-2022\/#primaryimage","url":"https:\/\/education.dhis2.org\/wp-content\/uploads\/IMG_7888-scaled-1-scaled.jpg","contentUrl":"https:\/\/education.dhis2.org\/wp-content\/uploads\/IMG_7888-scaled-1-scaled.jpg","width":2048,"height":1536},{"@type":"BreadcrumbList","@id":"https:\/\/education.dhis2.org\/pt-pt\/adea-triennale-2022\/#breadcrumb","itemListElement":[{"@type":"ListItem","position":1,"name":"Hjem","item":"https:\/\/education.dhis2.org\/pt-pt\/"},{"@type":"ListItem","position":2,"name":"Falar de dados sobre educa\u00e7\u00e3o na Trienal da ADEA 2022"}]},{"@type":"WebSite","@id":"https:\/\/education.dhis2.org\/pt-pt\/#website","url":"https:\/\/education.dhis2.org\/pt-pt\/","name":"DHIS2","description":"","publisher":{"@id":"https:\/\/education.dhis2.org\/pt-pt\/#organization"},"potentialAction":[{"@type":"SearchAction","target":{"@type":"EntryPoint","urlTemplate":"https:\/\/education.dhis2.org\/pt-pt\/?s={search_term_string}"},"query-input":{"@type":"PropertyValueSpecification","valueRequired":true,"valueName":"search_term_string"}}],"inLanguage":"pt-PT"},{"@type":"Organization","@id":"https:\/\/education.dhis2.org\/pt-pt\/#organization","name":"DHIS2","url":"https:\/\/education.dhis2.org\/pt-pt\/","logo":{"@type":"ImageObject","inLanguage":"pt-PT","@id":"https:\/\/education.dhis2.org\/pt-pt\/#\/schema\/logo\/image\/","url":"https:\/\/education.dhis2.org\/wp-content\/uploads\/logo.svg","contentUrl":"https:\/\/education.dhis2.org\/wp-content\/uploads\/logo.svg","caption":"DHIS2"},"image":{"@id":"https:\/\/education.dhis2.org\/pt-pt\/#\/schema\/logo\/image\/"}},{"@type":"Person","@id":"https:\/\/education.dhis2.org\/pt-pt\/#\/schema\/person\/c1a679aef176504b78a2a4ea215d3f2e","name":"Ellen Summey","image":{"@type":"ImageObject","inLanguage":"pt-PT","@id":"https:\/\/secure.gravatar.com\/avatar\/074d8a7344d382c55c5c0296b1fb70cc4138134a94dcfc7f759350dee0f79ec3?s=96&d=mm&r=g","url":"https:\/\/secure.gravatar.com\/avatar\/074d8a7344d382c55c5c0296b1fb70cc4138134a94dcfc7f759350dee0f79ec3?s=96&d=mm&r=g","contentUrl":"https:\/\/secure.gravatar.com\/avatar\/074d8a7344d382c55c5c0296b1fb70cc4138134a94dcfc7f759350dee0f79ec3?s=96&d=mm&r=g","caption":"Ellen Summey"}}]}},"date_rendered":"16 Dez 2024","_links":{"self":[{"href":"https:\/\/education.dhis2.org\/pt-pt\/wp-json\/wp\/v2\/posts\/21066","targetHints":{"allow":["GET"]}}],"collection":[{"href":"https:\/\/education.dhis2.org\/pt-pt\/wp-json\/wp\/v2\/posts"}],"about":[{"href":"https:\/\/education.dhis2.org\/pt-pt\/wp-json\/wp\/v2\/types\/post"}],"author":[{"embeddable":true,"href":"https:\/\/education.dhis2.org\/pt-pt\/wp-json\/wp\/v2\/users\/18"}],"replies":[{"embeddable":true,"href":"https:\/\/education.dhis2.org\/pt-pt\/wp-json\/wp\/v2\/comments?post=21066"}],"version-history":[{"count":0,"href":"https:\/\/education.dhis2.org\/pt-pt\/wp-json\/wp\/v2\/posts\/21066\/revisions"}],"wp:featuredmedia":[{"embeddable":true,"href":"https:\/\/education.dhis2.org\/pt-pt\/wp-json\/wp\/v2\/media\/20146"}],"wp:attachment":[{"href":"https:\/\/education.dhis2.org\/pt-pt\/wp-json\/wp\/v2\/media?parent=21066"}],"wp:term":[{"taxonomy":"category","embeddable":true,"href":"https:\/\/education.dhis2.org\/pt-pt\/wp-json\/wp\/v2\/categories?post=21066"},{"taxonomy":"post_tag","embeddable":true,"href":"https:\/\/education.dhis2.org\/pt-pt\/wp-json\/wp\/v2\/tags?post=21066"},{"taxonomy":"news-cat","embeddable":true,"href":"https:\/\/education.dhis2.org\/pt-pt\/wp-json\/wp\/v2\/news-cat?post=21066"},{"taxonomy":"news-topic","embeddable":true,"href":"https:\/\/education.dhis2.org\/pt-pt\/wp-json\/wp\/v2\/news-topic?post=21066"},{"taxonomy":"news-country","embeddable":true,"href":"https:\/\/education.dhis2.org\/pt-pt\/wp-json\/wp\/v2\/news-country?post=21066"},{"taxonomy":"news-year","embeddable":true,"href":"https:\/\/education.dhis2.org\/pt-pt\/wp-json\/wp\/v2\/news-year?post=21066"}],"curies":[{"name":"wp","href":"https:\/\/api.w.org\/{rel}","templated":true}]}}